{"id":33,"date":"2011-01-26T20:03:22","date_gmt":"2011-01-26T19:03:22","guid":{"rendered":"http:\/\/www.angerenstein-arnhem.nl\/cms\/historie\/2011\/01\/26\/het-leven-in-de-wijk\/"},"modified":"2025-08-11T14:06:09","modified_gmt":"2025-08-11T13:06:09","slug":"het-leven-in-de-wijk","status":"publish","type":"post","link":"https:\/\/www.angerenstein-arnhem.nl\/historie\/geen-categorie\/het-leven-in-de-wijk\/","title":{"rendered":"Het leven in de wijk"},"content":{"rendered":"<p>Wie waren en zijn de bewoners van Angerenstein? Wat was hun beroep, waar deden ze hun boodschappen en hoe leefden ze met elkaar? Hier leest u herinneringen aan kleine en grote gebeurtenissen in de wijk. Veel herinneringen gaan over de ingrijpende\u00a0jaren van de Tweede Wereldoorlog, over angst en solidariteit. Maar er waren ook heel wat feestelijke momenten.<\/p>\n<p><a href=\"http:\/\/www.flickr.com\/photos\/angerenstein\/4952497184\"><img loading=\"lazy\" src=\"https:\/\/live.staticflickr.com\/4083\/4952497184_18801444ee.jpg\" alt=\"Verlengde Pr\u00fcmelaan, 4x 25 jarig huwelijk\" width=\"500\" height=\"331\" \/><\/a><\/p>\n<p>Zo komt het maar zelden voor dat in \u00e9\u00e9n straat vier echtparen tegelijk hun 25-jarige huwelijk vieren. In 1984 was dat het geval in de Verlengde Pr\u00fcmelaan. De families Demmink (nummer 70), Kreykamp (nummer 68), Stegeman (nummer 66) en Ter Horst (nummer 62) maakten er een gezamenlijk feest van. Het hele straatdeel deed mee. De Arnhemband defileerde langs de vier echtparen. Die genoten van de muzikale hulde vanaf het bordes dat de buren gebouwd hadden.<\/p>\n<div id=\"_mcePaste\" style=\"width: 1px;height: 1px;overflow: hidden\">4952497184<\/div>\n\n\n<p><\/p>\n","protected":false},"excerpt":{"rendered":"<p>Wie waren en zijn de bewoners van Angerenstein? Wat was hun beroep, waar deden ze hun boodschappen en hoe leefden ze met elkaar? Hier leest u herinneringen aan kleine en grote gebeurtenissen in de wijk. Veel herinneringen gaan over de ingrijpende\u00a0jaren van de Tweede Wereldoorlog, over angst en solidariteit. Maar er waren ook heel wat &#8230;<a class=\"post-readmore\" href=\"https:\/\/www.angerenstein-arnhem.nl\/historie\/geen-categorie\/het-leven-in-de-wijk\/\">read more<\/a><\/p>\n","protected":false},"author":12,"featured_media":0,"comment_status":"open","ping_status":"open","sticky":false,"template":"","format":"standard","meta":[],"categories":[1],"tags":[],"_links":{"self":[{"href":"https:\/\/www.angerenstein-arnhem.nl\/historie\/wp-json\/wp\/v2\/posts\/33"}],"collection":[{"href":"https:\/\/www.angerenstein-arnhem.nl\/historie\/wp-json\/wp\/v2\/posts"}],"about":[{"href":"https:\/\/www.angerenstein-arnhem.nl\/historie\/wp-json\/wp\/v2\/types\/post"}],"author":[{"embeddable":true,"href":"https:\/\/www.angerenstein-arnhem.nl\/historie\/wp-json\/wp\/v2\/users\/12"}],"replies":[{"embeddable":true,"href":"https:\/\/www.angerenstein-arnhem.nl\/historie\/wp-json\/wp\/v2\/comments?post=33"}],"version-history":[{"count":2,"href":"https:\/\/www.angerenstein-arnhem.nl\/historie\/wp-json\/wp\/v2\/posts\/33\/revisions"}],"predecessor-version":[{"id":2169,"href":"https:\/\/www.angerenstein-arnhem.nl\/historie\/wp-json\/wp\/v2\/posts\/33\/revisions\/2169"}],"wp:attachment":[{"href":"https:\/\/www.angerenstein-arnhem.nl\/historie\/wp-json\/wp\/v2\/media?parent=33"}],"wp:term":[{"taxonomy":"category","embeddable":true,"href":"https:\/\/www.angerenstein-arnhem.nl\/historie\/wp-json\/wp\/v2\/categories?post=33"},{"taxonomy":"post_tag","embeddable":true,"href":"https:\/\/www.angerenstein-arnhem.nl\/historie\/wp-json\/wp\/v2\/tags?post=33"}],"curies":[{"name":"wp","href":"https:\/\/api.w.org\/{rel}","templated":true}]}}